{"id":1657,"date":"2023-03-17T12:50:20","date_gmt":"2023-03-17T11:50:20","guid":{"rendered":"https:\/\/www.triplecproject.eu\/?p=1657"},"modified":"2023-04-17T14:25:17","modified_gmt":"2023-04-17T12:25:17","slug":"reuniao-final-do-projecto-triple-c","status":"publish","type":"post","link":"https:\/\/www.triplecproject.eu\/pt-pt\/reuniao-final-do-projecto-triple-c\/","title":{"rendered":"Reuni\u00e3o final do projecto Triple C"},"content":{"rendered":"<p>A reuni\u00e3o final da Triple C, uma iniciativa para compilar os projectos europeus mais bem sucedidos na preven\u00e7\u00e3o e gest\u00e3o dos riscos associados \u00e0s altera\u00e7\u00f5es clim\u00e1ticas, ter\u00e1 lugar a 19 de Abril de 2023.<\/p>\n<p><iframe loading=\"lazy\" title=\"Final meeting of the Triple C project\" width=\"640\" height=\"360\" src=\"https:\/\/www.youtube.com\/embed\/Ij2j0f3Db4c?feature=oembed\" frameborder=\"0\" allow=\"accelerometer; autoplay; clipboard-write; encrypted-media; gyroscope; picture-in-picture; web-share\" allowfullscreen><\/iframe><\/p>\n<h3>Programa Preliminar<\/h3>\n<p><strong>11.00 Coment\u00e1rios de boas-vindas<\/strong><\/p>\n<ul>\n<li>Jean-Philippe Granger , Presidente , C\u00e2mara de Agricultura de Dordogne<\/li>\n<\/ul>\n<p><strong>11.10 Apresenta\u00e7\u00e3o do projecto Triple-C<\/strong><\/p>\n<ul>\n<li>Jean-Fran\u00e7ois Berthoumieu , Director , Associa\u00e7\u00e3o Climatol\u00f3gica do Meio e Sudoeste do Garonne (ACMG)<\/li>\n<\/ul>\n<p><strong>11.40 Argumentos a favor de uma gest\u00e3o integrada das bacias hidrogr\u00e1ficas<\/strong><\/p>\n<ul>\n<li>Laurence Couldrick | Director Executivo | Westcountry Rivers Trust (WRT)<\/li>\n<\/ul>\n<p><strong>12.00 A Plataforma Triplo C: capitalizar os resultados na mitiga\u00e7\u00e3o e adapta\u00e7\u00e3o \u00e0s altera\u00e7\u00f5es clim\u00e1ticas<\/strong><\/p>\n<ul>\n<li>Diego Intrigliolo | Researcher | Consejo Superior de Investigaciones Cient\u00edficas (CSIC)<\/li>\n<\/ul>\n<p><strong>12.20 Inqu\u00e9ritos de campo para ligar actores locais e melhor comunicar a adapta\u00e7\u00e3o ao risco clim\u00e1tico<\/strong><\/p>\n<ul>\n<li>Julia James | Communication Officer | Association Climatologique du Midi-Garonne et Sud-Ouest (ACMG)<\/li>\n<\/ul>\n<p><strong>12.40 Carbon Connects &#8211; A import\u00e2ncia das turfeiras e da sua restaura\u00e7\u00e3o<\/strong><\/p>\n<ul>\n<li>Martin Breen | Shannon University of Technology (TUS) | Orador<\/li>\n<\/ul>\n<p><strong>13.00 Pausa para almo\u00e7o (servido no local)<\/strong><br \/>\n<strong>14.30 Triplo C: an\u00e1lise multi-sectorial das melhores pr\u00e1ticas e solu\u00e7\u00f5es a n\u00edvel da UE<\/strong><\/p>\n<ul>\n<li>Nicolas Fedou : Respons\u00e1vel pelo projecto Clima : C\u00e2mara de Agricultura de Dordogne<\/li>\n<\/ul>\n<p><strong>14.50 Sinergias entre natureza e sa\u00fade para a adapta\u00e7\u00e3o e mitiga\u00e7\u00e3o das altera\u00e7\u00f5es clim\u00e1ticas<\/strong><\/p>\n<ul>\n<li>Ronaldo E.C. D. Gabriel | Professor Associado | Universidade de Tr\u00e1s-os-Montes e Alto Douro<\/li>\n<\/ul>\n<p><strong>15.05 Adapta\u00e7\u00e3o das Institui\u00e7\u00f5es de Protec\u00e7\u00e3o Civil \u00e0s Altera\u00e7\u00f5es Clim\u00e1ticas<\/strong><\/p>\n<ul>\n<li>Miguel Almeida | Universidade de Coimbra| Investigador<\/li>\n<\/ul>\n<p><strong>15.20 Rumo a uma Macrorregi\u00e3o Atl\u00e2ntica<\/strong><\/p>\n<ul>\n<li>Marta Mar\u00edn | Delegada do Pa\u00eds Basco para a Uni\u00e3o Europeia<\/li>\n<\/ul>\n<p><strong>15.30 Programa Espa\u00e7o Atl\u00e2ntico 2021-2027: avalia\u00e7\u00e3o e perspectivas<\/strong><\/p>\n<ul>\n<li>Ismael Mor\u00e1n Garc\u00eda | Director Adjunto | Secretariado Conjunto do Programa Interreg Espa\u00e7o Atl\u00e2ntico<\/li>\n<\/ul>\n<p><strong>15.50 Perguntas e respostas<\/strong><\/p>\n<p><strong>16.10 Gest\u00e3o e coopera\u00e7\u00e3o<\/strong><\/p>\n<p><strong>Jose Quevedo : Director Adjunto : Grupo DEX<\/strong><\/p>\n<p><strong>16.20 Observa\u00e7\u00f5es finais<\/strong><\/p>\n<ul>\n<li>\u00c9ric Fr\u00e9till\u00e8re : Vice-Presidente da Associa\u00e7\u00e3o Francesa de Irrigadores : Conselheiro Regional da Dordogne<\/li>\n<\/ul>\n","protected":false},"excerpt":{"rendered":"<p>A reuni\u00e3o final da Triple C, uma iniciativa para compilar os projectos europeus mais bem sucedidos na preven\u00e7\u00e3o&#8230;<\/p>\n","protected":false},"author":2,"featured_media":1650,"comment_status":"open","ping_status":"open","sticky":false,"template":"","format":"standard","meta":[],"categories":[17],"tags":[],"acf":[],"_links":{"self":[{"href":"https:\/\/www.triplecproject.eu\/pt-pt\/wp-json\/wp\/v2\/posts\/1657"}],"collection":[{"href":"https:\/\/www.triplecproject.eu\/pt-pt\/wp-json\/wp\/v2\/posts"}],"about":[{"href":"https:\/\/www.triplecproject.eu\/pt-pt\/wp-json\/wp\/v2\/types\/post"}],"author":[{"embeddable":true,"href":"https:\/\/www.triplecproject.eu\/pt-pt\/wp-json\/wp\/v2\/users\/2"}],"replies":[{"embeddable":true,"href":"https:\/\/www.triplecproject.eu\/pt-pt\/wp-json\/wp\/v2\/comments?post=1657"}],"version-history":[{"count":3,"href":"https:\/\/www.triplecproject.eu\/pt-pt\/wp-json\/wp\/v2\/posts\/1657\/revisions"}],"predecessor-version":[{"id":1668,"href":"https:\/\/www.triplecproject.eu\/pt-pt\/wp-json\/wp\/v2\/posts\/1657\/revisions\/1668"}],"wp:featuredmedia":[{"embeddable":true,"href":"https:\/\/www.triplecproject.eu\/pt-pt\/wp-json\/wp\/v2\/media\/1650"}],"wp:attachment":[{"href":"https:\/\/www.triplecproject.eu\/pt-pt\/wp-json\/wp\/v2\/media?parent=1657"}],"wp:term":[{"taxonomy":"category","embeddable":true,"href":"https:\/\/www.triplecproject.eu\/pt-pt\/wp-json\/wp\/v2\/categories?post=1657"},{"taxonomy":"post_tag","embeddable":true,"href":"https:\/\/www.triplecproject.eu\/pt-pt\/wp-json\/wp\/v2\/tags?post=1657"}],"curies":[{"name":"wp","href":"https:\/\/api.w.org\/{rel}","templated":true}]}}