{"id":1693,"date":"2022-12-02T10:42:42","date_gmt":"2022-12-02T09:42:42","guid":{"rendered":"https:\/\/www.triplecproject.eu\/?p=1693"},"modified":"2023-07-18T10:47:03","modified_gmt":"2023-07-18T08:47:03","slug":"reuniao-do-triplo-c-em-arkaute","status":"publish","type":"post","link":"https:\/\/www.triplecproject.eu\/fr\/reuniao-do-triplo-c-em-arkaute\/","title":{"rendered":"R\u00e9union Triple C \u00e0 Arkaute"},"content":{"rendered":"<p>Le 1er d\u00e9cembre, organis\u00e9 par Neiker \u00e0 son si\u00e8ge d&rsquo;Arkaute (Araba), s&rsquo;est d\u00e9roul\u00e9 l&rsquo;\u00e9v\u00e9nement r\u00e9gional pour les publics techniques \u00ab Actions r\u00e9ussies dans la gestion des risques li\u00e9s au climat \u00bb. Des responsables de divers projets d&rsquo;adaptation au changement climatique d&rsquo;Espagne, de France, du Portugal, d&rsquo;Irlande et d&rsquo;Angleterre ont particip\u00e9 \u00e0 l&rsquo;\u00e9v\u00e9nement susmentionn\u00e9, nous faisant participer aux actions qu&rsquo;ils m\u00e8nent dans le cadre d&rsquo;une s\u00e9rie de projets nationaux et internationaux.<\/p>\n<p>Les pr\u00e9sentations faites par chacun des intervenants dans le cadre de ladite conf\u00e9rence sont mises \u00e0 la disposition du public ci-dessous :<\/p>\n<p>&nbsp;<\/p>\n<p><strong>Jean-Fran\u00e7ois Berthoumieu | Association Climatologique de la Moyenne Garonne (FR)<\/strong><\/p>\n<p>Projet Triple-C (Interreg Espace Atlantique)<\/p>\n<p>\u00ab Capitaliser sur les projets \u00e0 risques li\u00e9s au changement climatique \u00bb<\/p>\n<p>&nbsp;<\/p>\n<p><strong>Inigo Urritikoetxea | Ihobe, Soci\u00e9t\u00e9 Publique de Gestion Environnementale du Gouvernement Basque<\/strong><\/p>\n<p>Projet URBAN KLIMA 2050 (programme LIFE)<\/p>\n<p>\u00ab Mise en \u0153uvre de la Strat\u00e9gie de Changement Climatique du Pays Basque &#8211; KLIMA 2050 \u00bb<\/p>\n<p>&nbsp;<\/p>\n<p><strong>Ana Aizpur\u00faa | Institut Basque de Recherche et de D\u00e9veloppement Agricoles (ES)<\/strong><\/p>\n<p>Risque-AquaSoil (Interreg Espace Atlantique)<\/p>\n<p>\u00ab Plan Atlantique de Gestion des Risques dans l&rsquo;eau et le sol \u00bb<\/p>\n<p>&nbsp;<\/p>\n<p><strong>Jean-Fran\u00e7ois Berthoumieu | Association Climatologique de la Moyenne Garonne (FR)<\/strong><\/p>\n<p>ClimAlert (Interreg SUDOE)<\/p>\n<p>\u00ab\u00a0Service transnational d&rsquo;alerte pr\u00e9coce aux risques climatiques\u00a0\u00bb<\/p>\n<p>&nbsp;<\/p>\n<p><strong>Darren Barry | Universit\u00e9 technologique du Shannon (IE)<\/strong><\/p>\n<p>Leaders remarquables du climat (Horizon 2020)<\/p>\n<p>\u00ab\u00a0Nouvelle capacit\u00e9 de leadership gr\u00e2ce \u00e0 un programme de leadership climatique con\u00e7u avec et pour les leaders du climat\u00a0\u00bb<\/p>\n<p>&nbsp;<\/p>\n<p><strong>Laurence Canrick | Fiducie des rivi\u00e8res du West Country (WRT)<\/strong><\/p>\n<p>CPES (Interreg France (Manche) Angleterre)<\/p>\n<p>\u00ab Paiements canalis\u00e9s pour les services \u00e9cosyst\u00e9miques \u00bb<\/p>\n<p>&nbsp;<\/p>\n<p><strong>Miguel Almeida | Universit\u00e9 de Coimbra (PT)<\/strong><\/p>\n<p>For\u00eat r\u00e9siliente (LIFE)<\/p>\n<p>\u00ab\u00a0Approche de gestion foresti\u00e8re qui am\u00e9liore la r\u00e9silience des for\u00eats aux incendies de for\u00eat, \u00e0 la raret\u00e9 de l&rsquo;eau, \u00e0 la d\u00e9gradation de l&rsquo;environnement et aux autres effets induits par le changement climatique\u00a0\u00bb<\/p>\n<p>&nbsp;<\/p>\n<p>Si vous souhaitez consulter l&rsquo;une des pr\u00e9sentations, veuillez nous contacter.<\/p>\n","protected":false},"excerpt":{"rendered":"<p>Le 1er d\u00e9cembre, organis\u00e9 par Neiker \u00e0 son si\u00e8ge d&rsquo;Arkaute (Araba), s&rsquo;est d\u00e9roul\u00e9 l&rsquo;\u00e9v\u00e9nement r\u00e9gional pour les publics&#8230;<\/p>\n","protected":false},"author":2,"featured_media":1674,"comment_status":"open","ping_status":"open","sticky":false,"template":"","format":"standard","meta":[],"categories":[16],"tags":[],"acf":[],"_links":{"self":[{"href":"https:\/\/www.triplecproject.eu\/fr\/wp-json\/wp\/v2\/posts\/1693"}],"collection":[{"href":"https:\/\/www.triplecproject.eu\/fr\/wp-json\/wp\/v2\/posts"}],"about":[{"href":"https:\/\/www.triplecproject.eu\/fr\/wp-json\/wp\/v2\/types\/post"}],"author":[{"embeddable":true,"href":"https:\/\/www.triplecproject.eu\/fr\/wp-json\/wp\/v2\/users\/2"}],"replies":[{"embeddable":true,"href":"https:\/\/www.triplecproject.eu\/fr\/wp-json\/wp\/v2\/comments?post=1693"}],"version-history":[{"count":2,"href":"https:\/\/www.triplecproject.eu\/fr\/wp-json\/wp\/v2\/posts\/1693\/revisions"}],"predecessor-version":[{"id":1708,"href":"https:\/\/www.triplecproject.eu\/fr\/wp-json\/wp\/v2\/posts\/1693\/revisions\/1708"}],"wp:featuredmedia":[{"embeddable":true,"href":"https:\/\/www.triplecproject.eu\/fr\/wp-json\/wp\/v2\/media\/1674"}],"wp:attachment":[{"href":"https:\/\/www.triplecproject.eu\/fr\/wp-json\/wp\/v2\/media?parent=1693"}],"wp:term":[{"taxonomy":"category","embeddable":true,"href":"https:\/\/www.triplecproject.eu\/fr\/wp-json\/wp\/v2\/categories?post=1693"},{"taxonomy":"post_tag","embeddable":true,"href":"https:\/\/www.triplecproject.eu\/fr\/wp-json\/wp\/v2\/tags?post=1693"}],"curies":[{"name":"wp","href":"https:\/\/api.w.org\/{rel}","templated":true}]}}